{"id":6386,"date":"2026-07-07T10:52:49","date_gmt":"2026-07-07T08:52:49","guid":{"rendered":"https:\/\/iccal.lat\/iccal-blog-lanzamiento\/"},"modified":"2026-07-25T12:38:40","modified_gmt":"2026-07-25T10:38:40","slug":"iccal-blog-lanzamiento","status":"publish","type":"post","link":"https:\/\/iccal.lat\/en\/iccal-blog-lanzamiento\/","title":{"rendered":"ICCAL Blog Launch: First Series on the Democratic Transition in Venezuela"},"content":{"rendered":"\n<p class=\"wp-block-paragraph\"><strong>07 July 2026<\/strong><\/p>\n\n\n\n<p class=\"wp-block-paragraph\">ICCAL is launching its very own <a href=\"https:\/\/iccal.lat\/en\/blog-iccal-en\/\">ICCAL Blog<\/a> dedicated to publications grounded in the philosophy of the <em>Ius Constitutionale Commune<\/em> in Latin America (ICCAL), with the aim of fostering academic exchange on recent developments regarding the rule of law, human rights, and democracy in the region.<\/p>\n\n\n\n<p class=\"wp-block-paragraph\">Through brief contributions from scholars and representatives of the community of practice, the blog seeks to foster reflections that complement the research and publications of the Max Planck Institute for Comparative Public Law and International Law within the scope of ICCAL.<\/p>\n\n\n\n<p class=\"wp-block-paragraph\">Our blog features various publication formats. Articles are individual academic analyses on topics of comparative public law, human rights, or transformative constitutionalism, and constitute the blog\u2019s primary format. Symposia bring together thematic discussions by multiple authors on a single topic, published in a series, and may lead to collective publications. The interviews feature conversations with researchers, judges, and other legal professionals from the ICCAL network, presented in a more accessible format, with the aim of broadening the blog\u2019s reach to an audience beyond the strictly academic sphere. Finally, the reviews offer brief, critical assessments of relevant publications in ICCAL\u2019s thematic areas.<\/p>\n\n\n\n<h4 class=\"wp-block-heading\">First series of publications: #IATV for a democratic transition in Venezuela<\/h4>\n\n\n\n<p class=\"wp-block-paragraph\">The first symposium published in this space is based on the seminar \u201c<a href=\"https:\/\/iccal.lat\/en\/iccal-international-seminar-ius-constitutionale-commune-en-america-latina-as-a-cornerstone-of-venezuelas-democratic-transition\/\">The <em>Ius Constitutionale Commune<\/em> in Latin America as a Cornerstone for Venezuela\u2019s Democratic Transition,\u201d<\/a> held on May 20 and 21, 2026. As will be discussed throughout the symposium, the re-Inter-Americanization of Venezuela \u2014including its reintegration into the Inter-American System as a legal obligation and the recognition of its tools as a plan for institutional reconstruction\u2013 constitutes an essential part of the project.<\/p>\n\n\n\n<p class=\"wp-block-paragraph\">The symposium brings together several of the contributions presented during May&#8217;s Seminar and aims to continue expanding with new contributions generated by the ICCAL-Venezuela project and the Academic Initiative for Venezuela\u2019s Transition (#IATV). Within the framework of the blog\u2019s overall objective, it brings together proposals for paths toward transition in Venezuela, comparative perspectives, and insights for envisioning the country\u2019s future. The May seminar brought to the table lessons from transitions as diverse as those in Spain, Chile, Colombia, Guatemala, and Syria a dialogue that continues in this space.<\/p>\n\n\n\n<p class=\"wp-block-paragraph\">This first session, taking place from July 7 to 11, features contributions from Mariela Morales Antoniazzi and Edward P\u00e9rez; Carolina Bejarano Mart\u00ednez; Sof\u00eda Macher; Jes\u00fas Mar\u00eda Casal; Thairi Moya S\u00e1nchez; Leon Seidl; Constanza N\u00fa\u00f1ez Donald; Zulima S\u00e1nchez; Franca Mar\u00eda Feisel; and Ariel S\u00e1nchez Meertens.<br><\/p>\n\n\n\n<p class=\"wp-block-paragraph\"><strong>July 7, 2026<\/strong><\/p>\n\n\n\n<ul class=\"wp-block-list\">\n<li><strong><em>Introduction to the Blog Symposium on Transition in Venezuela: Re-Inter-Americanization as a Roadmap<\/em> <\/strong>(Mariela Morales Antoniazzi and Edward P\u00e9rez) opens the symposium by placing Venezuela\u2019s re-Inter-Americanization\u2013 as a legal duty and as an operational plan for institutional reconstruction\u2014at the center of the democratic transition project, drawing on two decades of Inter-American jurisprudence as a technical framework for the reconstruction of the state.<\/li>\n\n\n\n<li><strong><em>The Democratic Transition in Venezuela Is an Inter-American Issue<\/em> <\/strong>(Carolina Bejarano Mart\u00ednez) analyzes the Venezuelan crisis as a comprehensive crisis of democratic constitutionalism affecting the entire inter-American region, and frames the transition as a simultaneous reconstruction of the rule of law, democracy, and human rights.<\/li>\n<\/ul>\n\n\n\n<p class=\"wp-block-paragraph\"><\/p>\n\n\n\n<p class=\"wp-block-paragraph\"><strong>July 8, 2026<\/strong><\/p>\n\n\n\n<ul class=\"wp-block-list\">\n<li><strong><em>Summary of the Findings of the Independent International Fact-Finding Mission on Venezuela<\/em><\/strong> (Sof\u00eda Macher) summarizes the Mission\u2019s work, which documented serious human rights violations constituting crimes against humanity, and underscores the importance of these international mechanisms for accountability at this stage.<\/li>\n\n\n\n<li><em><strong>A Constitutional Perspective on Venezuelan Democratization<\/strong><\/em> (Jes\u00fas Mar\u00eda Casal) examines the extent to which recent reforms have truly opened up the political system and proposes a democratization agenda centered on judicial independence, political dialogue, and free and verifiable elections.<\/li>\n<\/ul>\n\n\n\n<p class=\"wp-block-paragraph\"><\/p>\n\n\n\n<p class=\"wp-block-paragraph\"><strong>July 9, 2026<\/strong><\/p>\n\n\n\n<ul class=\"wp-block-list\">\n<li><strong><em>The Ius Constitutionale Commune in the Face of State-Sponsored Organized Crime<\/em> <\/strong>(Thairi Moya S\u00e1nchez) proposes interpreting institutional erosion in the region as a form of state-sponsored organized crime and suggests the ICCAL as a framework for rebuilding institutions through multilevel protection, conventionality review, and judicial dialogue.<\/li>\n\n\n\n<li><strong><em>Irrelevant Law: U.S. Foreign Policy Under Trump<\/em><\/strong> (Leon Seidl) argues that international law has lost its influence in U.S. foreign policy toward Venezuela, so support for a genuine transition must come from the region and its institutions.<\/li>\n<\/ul>\n\n\n\n<p class=\"wp-block-paragraph\"><\/p>\n\n\n\n<p class=\"wp-block-paragraph\"><strong>July 10, 2026<\/strong><\/p>\n\n\n\n<ul class=\"wp-block-list\">\n<li><strong><em>Transitional Justice for Venezuela: Lessons from the Chilean Case<\/em><\/strong> (Constanza N\u00fa\u00f1ez Donald) draws on the Chilean experience to argue that transitional justice is, above all, a political process in which truth, justice, and guarantees of non-repetition advance at different paces depending on the context.<\/li>\n\n\n\n<li><strong><em>The Paradox of the Spanish Transition: Gradual Lessons and Challenges of Historical Memory for Venezuela<\/em> <\/strong>(Zulima S\u00e1nchez) analyzes the gradual nature of the Spanish transition and its unresolved issues regarding historical memory, as a basis for considering a potential institutional transformation in Venezuela.<\/li>\n<\/ul>\n\n\n\n<p class=\"wp-block-paragraph\"><\/p>\n\n\n\n<p class=\"wp-block-paragraph\"><strong>July 11, 2026<\/strong><\/p>\n\n\n\n<ul class=\"wp-block-list\">\n<li><strong><em>Borrowing from Brussels? What the EU\u2019s Democracy Standards Can Offer a Democratic Transition<\/em><\/strong> (Franca Mar\u00eda Feisel) explores which elements of European Union law\u2013 particularly regarding democratic participation\u2014could inspire a democratic transition in Venezuela.<\/li>\n\n\n\n<li><strong><em>Alchemy of Peace: Lessons from Colombia for Venezuela<\/em><\/strong> (Ariel S\u00e1nchez Meertens) presents Colombia\u2019s experience with restorative transitional justice as a laboratory of possibilities, limitations, and tensions relevant to the design of a potential Venezuelan transitional architecture.<\/li>\n<\/ul>\n","protected":false},"excerpt":{"rendered":"<p>07 July 2026 ICCAL is launching its very own ICCAL Blog dedicated to publications grounded in the philosophy of the Ius Constitutionale Commune in Latin America (ICCAL), with the aim of fostering academic exchange on recent developments regarding the rule of law, human rights, and democracy in the region. Through brief contributions from scholars and [&hellip;]<\/p>\n","protected":false},"author":9,"featured_media":6387,"comment_status":"closed","ping_status":"open","sticky":false,"template":"","format":"standard","meta":{"_acf_changed":false,"footnotes":""},"categories":[552,305],"tags":[],"class_list":["post-6386","post","type-post","status-publish","format-standard","has-post-thumbnail","hentry","category-publicaciones","category-venezuela"],"acf":[],"yoast_head":"<title>ICCAL Blog Launch: First Series on the Democratic Transition in Venezuela | ICCAL<\/title>\n<meta name=\"description\" content=\"El ICCAL estrena un nuevo blog acad\u00e9mico sobre Estado de derecho y democracia en Am\u00e9rica Latina. Primer simposio: la transici\u00f3n democr\u00e1tica en Venezuela.\" \/>\n<meta name=\"robots\" content=\"index, follow, max-snippet:-1, max-image-preview:large, max-video-preview:-1\" \/>\n<link rel=\"canonical\" href=\"https:\/\/iccal.lat\/en\/iccal-blog-lanzamiento\/\" \/>\n<meta property=\"og:locale\" content=\"en_US\" \/>\n<meta property=\"og:type\" content=\"article\" \/>\n<meta property=\"og:title\" content=\"ICCAL Blog Launch: First Series on the Democratic Transition in Venezuela | ICCAL\" \/>\n<meta property=\"og:description\" content=\"El ICCAL estrena un nuevo blog acad\u00e9mico sobre Estado de derecho y democracia en Am\u00e9rica Latina. Primer simposio: la transici\u00f3n democr\u00e1tica en Venezuela.\" \/>\n<meta property=\"og:url\" content=\"https:\/\/iccal.lat\/en\/iccal-blog-lanzamiento\/\" \/>\n<meta property=\"og:site_name\" content=\"ICCAL\" \/>\n<meta property=\"article:published_time\" content=\"2026-07-07T08:52:49+00:00\" \/>\n<meta property=\"article:modified_time\" content=\"2026-07-25T10:38:40+00:00\" \/>\n<meta property=\"og:image\" content=\"https:\/\/iccal.lat\/wp-content\/uploads\/2026\/07\/chatgpt-image-jun-30-2026-04_47_57-pm-1024x576.png\" \/>\n\t<meta property=\"og:image:width\" content=\"1024\" \/>\n\t<meta property=\"og:image:height\" content=\"576\" \/>\n\t<meta property=\"og:image:type\" content=\"image\/png\" \/>\n<meta name=\"author\" content=\"Juri Tino Berger\" \/>\n<meta name=\"twitter:card\" content=\"summary_large_image\" \/>\n<meta name=\"twitter:label1\" content=\"Written by\" \/>\n\t<meta name=\"twitter:data1\" content=\"Juri Tino Berger\" \/>\n\t<meta name=\"twitter:label2\" content=\"Est. reading time\" \/>\n\t<meta name=\"twitter:data2\" content=\"5 minutes\" \/>\n<script type=\"application\/ld+json\" class=\"yoast-schema-graph\">{\"@context\":\"https:\\\/\\\/schema.org\",\"@graph\":[{\"@type\":\"Article\",\"@id\":\"https:\\\/\\\/iccal.lat\\\/en\\\/iccal-blog-lanzamiento\\\/#article\",\"isPartOf\":{\"@id\":\"https:\\\/\\\/iccal.lat\\\/en\\\/iccal-blog-lanzamiento\\\/\"},\"author\":{\"name\":\"Juri Tino Berger\",\"@id\":\"https:\\\/\\\/iccal.lat\\\/en\\\/#\\\/schema\\\/person\\\/4e0a3793c55302f255461ffdd23e1ae1\"},\"headline\":\"ICCAL Blog Launch: First Series on the Democratic Transition in Venezuela\",\"datePublished\":\"2026-07-07T08:52:49+00:00\",\"dateModified\":\"2026-07-25T10:38:40+00:00\",\"mainEntityOfPage\":{\"@id\":\"https:\\\/\\\/iccal.lat\\\/en\\\/iccal-blog-lanzamiento\\\/\"},\"wordCount\":879,\"image\":{\"@id\":\"https:\\\/\\\/iccal.lat\\\/en\\\/iccal-blog-lanzamiento\\\/#primaryimage\"},\"thumbnailUrl\":\"https:\\\/\\\/iccal.lat\\\/wp-content\\\/uploads\\\/2026\\\/07\\\/chatgpt-image-jun-30-2026-04_47_57-pm.png\",\"articleSection\":[\"Publicaciones\",\"Venezuela\"],\"inLanguage\":\"en-US\"},{\"@type\":\"WebPage\",\"@id\":\"https:\\\/\\\/iccal.lat\\\/en\\\/iccal-blog-lanzamiento\\\/\",\"url\":\"https:\\\/\\\/iccal.lat\\\/en\\\/iccal-blog-lanzamiento\\\/\",\"name\":\"ICCAL Blog Launch: First Series on the Democratic Transition in Venezuela | ICCAL\",\"isPartOf\":{\"@id\":\"https:\\\/\\\/iccal.lat\\\/en\\\/#website\"},\"primaryImageOfPage\":{\"@id\":\"https:\\\/\\\/iccal.lat\\\/en\\\/iccal-blog-lanzamiento\\\/#primaryimage\"},\"image\":{\"@id\":\"https:\\\/\\\/iccal.lat\\\/en\\\/iccal-blog-lanzamiento\\\/#primaryimage\"},\"thumbnailUrl\":\"https:\\\/\\\/iccal.lat\\\/wp-content\\\/uploads\\\/2026\\\/07\\\/chatgpt-image-jun-30-2026-04_47_57-pm.png\",\"datePublished\":\"2026-07-07T08:52:49+00:00\",\"dateModified\":\"2026-07-25T10:38:40+00:00\",\"author\":{\"@id\":\"https:\\\/\\\/iccal.lat\\\/en\\\/#\\\/schema\\\/person\\\/4e0a3793c55302f255461ffdd23e1ae1\"},\"description\":\"El ICCAL estrena un nuevo blog acad\u00e9mico sobre Estado de derecho y democracia en Am\u00e9rica Latina. Primer simposio: la transici\u00f3n democr\u00e1tica en Venezuela.\",\"breadcrumb\":{\"@id\":\"https:\\\/\\\/iccal.lat\\\/en\\\/iccal-blog-lanzamiento\\\/#breadcrumb\"},\"inLanguage\":\"en-US\",\"potentialAction\":[{\"@type\":\"ReadAction\",\"target\":[\"https:\\\/\\\/iccal.lat\\\/en\\\/iccal-blog-lanzamiento\\\/\"]}]},{\"@type\":\"ImageObject\",\"inLanguage\":\"en-US\",\"@id\":\"https:\\\/\\\/iccal.lat\\\/en\\\/iccal-blog-lanzamiento\\\/#primaryimage\",\"url\":\"https:\\\/\\\/iccal.lat\\\/wp-content\\\/uploads\\\/2026\\\/07\\\/chatgpt-image-jun-30-2026-04_47_57-pm.png\",\"contentUrl\":\"https:\\\/\\\/iccal.lat\\\/wp-content\\\/uploads\\\/2026\\\/07\\\/chatgpt-image-jun-30-2026-04_47_57-pm.png\",\"width\":1672,\"height\":941},{\"@type\":\"BreadcrumbList\",\"@id\":\"https:\\\/\\\/iccal.lat\\\/en\\\/iccal-blog-lanzamiento\\\/#breadcrumb\",\"itemListElement\":[{\"@type\":\"ListItem\",\"position\":1,\"name\":\"Startseite\",\"item\":\"https:\\\/\\\/iccal.lat\\\/en\\\/\"},{\"@type\":\"ListItem\",\"position\":2,\"name\":\"ICCAL Blog Launch: First Series on the Democratic Transition in Venezuela\"}]},{\"@type\":\"WebSite\",\"@id\":\"https:\\\/\\\/iccal.lat\\\/en\\\/#website\",\"url\":\"https:\\\/\\\/iccal.lat\\\/en\\\/\",\"name\":\"ICCAL\",\"description\":\"Ius Constitutionale Commune en Am\u00e9rica Latina\",\"potentialAction\":[{\"@type\":\"SearchAction\",\"target\":{\"@type\":\"EntryPoint\",\"urlTemplate\":\"https:\\\/\\\/iccal.lat\\\/en\\\/?s={search_term_string}\"},\"query-input\":{\"@type\":\"PropertyValueSpecification\",\"valueRequired\":true,\"valueName\":\"search_term_string\"}}],\"inLanguage\":\"en-US\"},{\"@type\":\"Person\",\"@id\":\"https:\\\/\\\/iccal.lat\\\/en\\\/#\\\/schema\\\/person\\\/4e0a3793c55302f255461ffdd23e1ae1\",\"name\":\"Juri Tino Berger\",\"image\":{\"@type\":\"ImageObject\",\"inLanguage\":\"en-US\",\"@id\":\"https:\\\/\\\/secure.gravatar.com\\\/avatar\\\/d51b3f8c10110c18fb1c121809142b5ebe9dc7b02b752737e33dd9b311f0792b?s=96&d=mm&r=g\",\"url\":\"https:\\\/\\\/secure.gravatar.com\\\/avatar\\\/d51b3f8c10110c18fb1c121809142b5ebe9dc7b02b752737e33dd9b311f0792b?s=96&d=mm&r=g\",\"contentUrl\":\"https:\\\/\\\/secure.gravatar.com\\\/avatar\\\/d51b3f8c10110c18fb1c121809142b5ebe9dc7b02b752737e33dd9b311f0792b?s=96&d=mm&r=g\",\"caption\":\"Juri Tino Berger\"}}]}<\/script>","yoast_head_json":{"title":"ICCAL Blog Launch: First Series on the Democratic Transition in Venezuela | ICCAL","description":"El ICCAL estrena un nuevo blog acad\u00e9mico sobre Estado de derecho y democracia en Am\u00e9rica Latina. Primer simposio: la transici\u00f3n democr\u00e1tica en Venezuela.","robots":{"index":"index","follow":"follow","max-snippet":"max-snippet:-1","max-image-preview":"max-image-preview:large","max-video-preview":"max-video-preview:-1"},"canonical":"https:\/\/iccal.lat\/en\/iccal-blog-lanzamiento\/","og_locale":"en_US","og_type":"article","og_title":"ICCAL Blog Launch: First Series on the Democratic Transition in Venezuela | ICCAL","og_description":"El ICCAL estrena un nuevo blog acad\u00e9mico sobre Estado de derecho y democracia en Am\u00e9rica Latina. Primer simposio: la transici\u00f3n democr\u00e1tica en Venezuela.","og_url":"https:\/\/iccal.lat\/en\/iccal-blog-lanzamiento\/","og_site_name":"ICCAL","article_published_time":"2026-07-07T08:52:49+00:00","article_modified_time":"2026-07-25T10:38:40+00:00","og_image":[{"width":1024,"height":576,"url":"https:\/\/iccal.lat\/wp-content\/uploads\/2026\/07\/chatgpt-image-jun-30-2026-04_47_57-pm-1024x576.png","type":"image\/png"}],"author":"Juri Tino Berger","twitter_card":"summary_large_image","twitter_misc":{"Written by":"Juri Tino Berger","Est. reading time":"5 minutes"},"schema":{"@context":"https:\/\/schema.org","@graph":[{"@type":"Article","@id":"https:\/\/iccal.lat\/en\/iccal-blog-lanzamiento\/#article","isPartOf":{"@id":"https:\/\/iccal.lat\/en\/iccal-blog-lanzamiento\/"},"author":{"name":"Juri Tino Berger","@id":"https:\/\/iccal.lat\/en\/#\/schema\/person\/4e0a3793c55302f255461ffdd23e1ae1"},"headline":"ICCAL Blog Launch: First Series on the Democratic Transition in Venezuela","datePublished":"2026-07-07T08:52:49+00:00","dateModified":"2026-07-25T10:38:40+00:00","mainEntityOfPage":{"@id":"https:\/\/iccal.lat\/en\/iccal-blog-lanzamiento\/"},"wordCount":879,"image":{"@id":"https:\/\/iccal.lat\/en\/iccal-blog-lanzamiento\/#primaryimage"},"thumbnailUrl":"https:\/\/iccal.lat\/wp-content\/uploads\/2026\/07\/chatgpt-image-jun-30-2026-04_47_57-pm.png","articleSection":["Publicaciones","Venezuela"],"inLanguage":"en-US"},{"@type":"WebPage","@id":"https:\/\/iccal.lat\/en\/iccal-blog-lanzamiento\/","url":"https:\/\/iccal.lat\/en\/iccal-blog-lanzamiento\/","name":"ICCAL Blog Launch: First Series on the Democratic Transition in Venezuela | ICCAL","isPartOf":{"@id":"https:\/\/iccal.lat\/en\/#website"},"primaryImageOfPage":{"@id":"https:\/\/iccal.lat\/en\/iccal-blog-lanzamiento\/#primaryimage"},"image":{"@id":"https:\/\/iccal.lat\/en\/iccal-blog-lanzamiento\/#primaryimage"},"thumbnailUrl":"https:\/\/iccal.lat\/wp-content\/uploads\/2026\/07\/chatgpt-image-jun-30-2026-04_47_57-pm.png","datePublished":"2026-07-07T08:52:49+00:00","dateModified":"2026-07-25T10:38:40+00:00","author":{"@id":"https:\/\/iccal.lat\/en\/#\/schema\/person\/4e0a3793c55302f255461ffdd23e1ae1"},"description":"El ICCAL estrena un nuevo blog acad\u00e9mico sobre Estado de derecho y democracia en Am\u00e9rica Latina. Primer simposio: la transici\u00f3n democr\u00e1tica en Venezuela.","breadcrumb":{"@id":"https:\/\/iccal.lat\/en\/iccal-blog-lanzamiento\/#breadcrumb"},"inLanguage":"en-US","potentialAction":[{"@type":"ReadAction","target":["https:\/\/iccal.lat\/en\/iccal-blog-lanzamiento\/"]}]},{"@type":"ImageObject","inLanguage":"en-US","@id":"https:\/\/iccal.lat\/en\/iccal-blog-lanzamiento\/#primaryimage","url":"https:\/\/iccal.lat\/wp-content\/uploads\/2026\/07\/chatgpt-image-jun-30-2026-04_47_57-pm.png","contentUrl":"https:\/\/iccal.lat\/wp-content\/uploads\/2026\/07\/chatgpt-image-jun-30-2026-04_47_57-pm.png","width":1672,"height":941},{"@type":"BreadcrumbList","@id":"https:\/\/iccal.lat\/en\/iccal-blog-lanzamiento\/#breadcrumb","itemListElement":[{"@type":"ListItem","position":1,"name":"Startseite","item":"https:\/\/iccal.lat\/en\/"},{"@type":"ListItem","position":2,"name":"ICCAL Blog Launch: First Series on the Democratic Transition in Venezuela"}]},{"@type":"WebSite","@id":"https:\/\/iccal.lat\/en\/#website","url":"https:\/\/iccal.lat\/en\/","name":"ICCAL","description":"Ius Constitutionale Commune en Am\u00e9rica Latina","potentialAction":[{"@type":"SearchAction","target":{"@type":"EntryPoint","urlTemplate":"https:\/\/iccal.lat\/en\/?s={search_term_string}"},"query-input":{"@type":"PropertyValueSpecification","valueRequired":true,"valueName":"search_term_string"}}],"inLanguage":"en-US"},{"@type":"Person","@id":"https:\/\/iccal.lat\/en\/#\/schema\/person\/4e0a3793c55302f255461ffdd23e1ae1","name":"Juri Tino Berger","image":{"@type":"ImageObject","inLanguage":"en-US","@id":"https:\/\/secure.gravatar.com\/avatar\/d51b3f8c10110c18fb1c121809142b5ebe9dc7b02b752737e33dd9b311f0792b?s=96&d=mm&r=g","url":"https:\/\/secure.gravatar.com\/avatar\/d51b3f8c10110c18fb1c121809142b5ebe9dc7b02b752737e33dd9b311f0792b?s=96&d=mm&r=g","contentUrl":"https:\/\/secure.gravatar.com\/avatar\/d51b3f8c10110c18fb1c121809142b5ebe9dc7b02b752737e33dd9b311f0792b?s=96&d=mm&r=g","caption":"Juri Tino Berger"}}]}},"_links":{"self":[{"href":"https:\/\/iccal.lat\/en\/wp-json\/wp\/v2\/posts\/6386","targetHints":{"allow":["GET"]}}],"collection":[{"href":"https:\/\/iccal.lat\/en\/wp-json\/wp\/v2\/posts"}],"about":[{"href":"https:\/\/iccal.lat\/en\/wp-json\/wp\/v2\/types\/post"}],"author":[{"embeddable":true,"href":"https:\/\/iccal.lat\/en\/wp-json\/wp\/v2\/users\/9"}],"replies":[{"embeddable":true,"href":"https:\/\/iccal.lat\/en\/wp-json\/wp\/v2\/comments?post=6386"}],"version-history":[{"count":5,"href":"https:\/\/iccal.lat\/en\/wp-json\/wp\/v2\/posts\/6386\/revisions"}],"predecessor-version":[{"id":6507,"href":"https:\/\/iccal.lat\/en\/wp-json\/wp\/v2\/posts\/6386\/revisions\/6507"}],"wp:featuredmedia":[{"embeddable":true,"href":"https:\/\/iccal.lat\/en\/wp-json\/wp\/v2\/media\/6387"}],"wp:attachment":[{"href":"https:\/\/iccal.lat\/en\/wp-json\/wp\/v2\/media?parent=6386"}],"wp:term":[{"taxonomy":"category","embeddable":true,"href":"https:\/\/iccal.lat\/en\/wp-json\/wp\/v2\/categories?post=6386"},{"taxonomy":"post_tag","embeddable":true,"href":"https:\/\/iccal.lat\/en\/wp-json\/wp\/v2\/tags?post=6386"}],"curies":[{"name":"wp","href":"https:\/\/api.w.org\/{rel}","templated":true}]}}