{"id":6116,"date":"2026-06-23T15:59:31","date_gmt":"2026-06-23T13:59:31","guid":{"rendered":"https:\/\/iccal.lat\/?p=6116"},"modified":"2026-07-20T15:03:31","modified_gmt":"2026-07-20T13:03:31","slug":"world-congress-of-constitutional-law-2026-iccal-lab-workshops-events","status":"publish","type":"post","link":"https:\/\/iccal.lat\/en\/world-congress-of-constitutional-law-2026-iccal-lab-workshops-events\/","title":{"rendered":"World Congress of Constitutional Law 2026: ICCAL Lab Workshops &amp; Events"},"content":{"rendered":"\n<p class=\"wp-block-paragraph\"><\/p>\n\n\n\n<p class=\"wp-block-paragraph\">At the <a href=\"https:\/\/wccl2026.uexternado.edu.co\/en\/\">World Congress of Constitutional Law<\/a> in Bogot\u00e1, taking place from 6 to 10 July 2026, the ICCAL Collaboration Lab on Democratic Resilience will make a significant contribution to one of the most important global gatherings in the field of constitutional law. The Lab will host eleven workshops and take part in a wide range of conference activities, bringing its comparative perspective on Europe and Latin America to discussions on the future of constitutional democracy. As the Congress gathers scholars, practitioners and institutional actors from across the world, the ICCAL Lab will contribute to this interdisciplinary exchange by engaging with the challenges, tensions and opportunities that shape constitutional law today. With more than 40 researchers working on democratic resilience, regional transformative constitutionalism and comparative public law, the Lab warmly invites the ICCAL network and all interested participants to join our events.<\/p>\n\n\n\n<p class=\"wp-block-paragraph\">Among the Lab&#8217;s highlights at the Congress is the ICCAL Lab Lunch Talk &#8220;Innovations in legal comparison: inter-regional comparison for democratic resilience\u201d, held on Tuesday, July 7<sup>th<\/sup> from 13:00-14:00, where the Lab will present its methodology of interregional comparison to the audience at the congress.<\/p>\n\n\n\n<p class=\"wp-block-paragraph\">Another key event is the discussion on a \u201c<em>Ius Commune<\/em> in Europe and Latin America\u201d taking place on Friday, July 10th from 9:00-10:30, where Professor Armin von Bogdandy will present alongside commentators Manuel Jos\u00e9 Cepeda and Elena Simina T\u0103n\u0103sescu, bringing together leading voices from both regions to reflect on the shared foundations and diverging trajectories of public law. Beyond these events, the Lab&#8217;s research groups will organize workshops spanning the full breadth of the Lab&#8217;s international research agenda, from judicial independence and digitalization to climate justice \u2014 offering Congress participants a window into the comparative and cross-regional work that defines the ICCAL Lab&#8217;s approach to democratic resilience.<br><\/p>\n\n\n\n<p class=\"wp-block-paragraph\">See the full timetable of events organized by the ICCAL Lab below:<\/p>\n\n\n\n<p class=\"wp-block-paragraph\"><\/p>\n\n\n\n<p class=\"wp-block-paragraph\"><strong>Tuesday, 7 July 2026<\/strong><\/p>\n\n\n\n<p class=\"wp-block-paragraph\"><strong>13:00-14:00 Lunch Talk <\/strong>Innovations in legal comparison: inter-regional comparison for democratic resilience (Carolina Bejarano Mart\u00ednez)<\/p>\n\n\n\n<p class=\"wp-block-paragraph\"><strong>14:00-17:30<\/strong> <strong>Workshop 49<\/strong> Between Myth and Institutions for Democratic Resilience (Gargarella, Latorre, Rey, Walter, Roa)<\/p>\n\n\n\n<p class=\"wp-block-paragraph\"><strong>14:30-17.30 Workshop 1<\/strong> Can Constitutional law help to preserve democracy? (RESPO)<\/p>\n\n\n\n<p class=\"wp-block-paragraph\"><strong>14:30 Workshop 13 <\/strong>Judicial Independence<strong> <\/strong>(Kosar, Figueroa, Castagnola, Tsereteli)<\/p>\n\n\n\n<p class=\"wp-block-paragraph\"><\/p>\n\n\n\n<p class=\"wp-block-paragraph\"><strong>Wednesday, 8 July 2026<\/strong><\/p>\n\n\n\n<p class=\"wp-block-paragraph\"><strong>9:00-12:30 Workshop 249<\/strong> Regional Comparative Constitutional Law (Bejarano Mart\u00ednez, von Bogdandy, ESEN)<\/p>\n\n\n\n<p class=\"wp-block-paragraph\"><strong>9:00-12:30<\/strong> <strong>Workshop 42<\/strong> Public Law in Times of Geopolitical Uncertainty (Urue\u00f1a, V\u00e1zquez, Gonz\u00e1lez. Perotti, Quiroga)<\/p>\n\n\n\n<p class=\"wp-block-paragraph\"><strong>14:00-18:00 Mini-Public on Democracy as a Human Right <\/strong>(Gargarella, Rey, Latorre, Roa, Bejarano)<\/p>\n\n\n\n<p class=\"wp-block-paragraph\"><\/p>\n\n\n\n<p class=\"wp-block-paragraph\"><strong>Thursday, 9 July 2026<\/strong><\/p>\n\n\n\n<p class=\"wp-block-paragraph\"><strong>9:00-12:30 Workshop 97 <\/strong>Abusive lawmaking and democratic resilience (Drin\u00f3czi, Kazai, Pinheiro, Soto)<\/p>\n\n\n\n<p class=\"wp-block-paragraph\"><strong>9:00-12:30 Workshop 93<\/strong> Desaf\u00edos digitales a la resiliencia democr\u00e1tica (Botero, Piovesan, Rubio, Tuchtefeld, Rodr\u00edguez)<\/p>\n\n\n\n<p class=\"wp-block-paragraph\"><strong>9:00-12:30 Workshop 100<\/strong> Judicial Independence as a cornerstore of democratic resilience (Ragone, Henr\u00edquez, Garz\u00f3n, \u00dabeda)<\/p>\n\n\n\n<p class=\"wp-block-paragraph\"><strong>9:00-12:30 Workshop 105<\/strong> Constitutionalism on Trial: Populism and Democracy&nbsp; (Kosar, Figueroa, Castagnola, Tsereteli)<\/p>\n\n\n\n<p class=\"wp-block-paragraph\"><strong>9:00-12:30 Workshop 160<\/strong> Climate Justice and Democratic Resilience (Viveros, Nordlander, P\u00e9rez, Rainaldi, Heri)<\/p>\n\n\n\n<p class=\"wp-block-paragraph\"><strong>9:00-12:30 Workshop 134<\/strong> Transformative Constitutionalism and the Global Economy (Urue\u00f1a, von Bogdandy, Ossom)<\/p>\n\n\n\n<p class=\"wp-block-paragraph\"><\/p>\n\n\n\n<p class=\"wp-block-paragraph\"><strong>Friday, 10 July 2026<\/strong><\/p>\n\n\n\n<p class=\"wp-block-paragraph\"><strong>9:00-10:30 <\/strong>\u201c<strong><em>Ius Commune<\/em> in Europe and Latin America.\u201d<\/strong> Presenter: Armin von Bogdandy. Commentators: Manuel Jos\u00e9 Cepeda &amp; Elena Simina T\u0103n\u0103sescu.<\/p>\n\n\n\n<p class=\"wp-block-paragraph\"><\/p>\n","protected":false},"excerpt":{"rendered":"<p>At the World Congress of Constitutional Law in Bogot\u00e1, taking place from 6 to 10 July 2026, the ICCAL Collaboration Lab on Democratic Resilience will make a significant contribution to one of the most important global gatherings in the field of constitutional law. The Lab will host eleven workshops and take part in a wide [&hellip;]<\/p>\n","protected":false},"author":9,"featured_media":6294,"comment_status":"closed","ping_status":"open","sticky":false,"template":"","format":"standard","meta":{"_acf_changed":false,"footnotes":""},"categories":[281],"tags":[],"class_list":["post-6116","post","type-post","status-publish","format-standard","has-post-thumbnail","hentry","category-iccal-lab"],"acf":[],"yoast_head":"<title>World Congress of Constitutional Law 2026: ICCAL Lab Workshops &amp; Events | ICCAL<\/title>\n<meta name=\"robots\" content=\"index, follow, max-snippet:-1, max-image-preview:large, max-video-preview:-1\" \/>\n<link rel=\"canonical\" href=\"https:\/\/iccal.lat\/en\/world-congress-of-constitutional-law-2026-iccal-lab-workshops-events\/\" \/>\n<meta property=\"og:locale\" content=\"en_US\" \/>\n<meta property=\"og:type\" content=\"article\" \/>\n<meta property=\"og:title\" content=\"World Congress of Constitutional Law 2026: ICCAL Lab Workshops &amp; Events | ICCAL\" \/>\n<meta property=\"og:description\" content=\"At the World Congress of Constitutional Law in Bogot\u00e1, taking place from 6 to 10 July 2026, the ICCAL Collaboration Lab on Democratic Resilience will make a significant contribution to one of the most important global gatherings in the field of constitutional law. The Lab will host eleven workshops and take part in a wide [&hellip;]\" \/>\n<meta property=\"og:url\" content=\"https:\/\/iccal.lat\/en\/world-congress-of-constitutional-law-2026-iccal-lab-workshops-events\/\" \/>\n<meta property=\"og:site_name\" content=\"ICCAL\" \/>\n<meta property=\"article:published_time\" content=\"2026-06-23T13:59:31+00:00\" \/>\n<meta property=\"article:modified_time\" content=\"2026-07-20T13:03:31+00:00\" \/>\n<meta property=\"og:image\" content=\"https:\/\/iccal.lat\/wp-content\/uploads\/2026\/06\/cover-logo-03-1-e1782912428988.jpg\" \/>\n\t<meta property=\"og:image:width\" content=\"1278\" \/>\n\t<meta property=\"og:image:height\" content=\"760\" \/>\n\t<meta property=\"og:image:type\" content=\"image\/jpeg\" \/>\n<meta name=\"author\" content=\"Juri Tino Berger\" \/>\n<meta name=\"twitter:card\" content=\"summary_large_image\" \/>\n<meta name=\"twitter:label1\" content=\"Written by\" \/>\n\t<meta name=\"twitter:data1\" content=\"Juri Tino Berger\" \/>\n\t<meta name=\"twitter:label2\" content=\"Est. reading time\" \/>\n\t<meta name=\"twitter:data2\" content=\"3 minutes\" \/>\n<script type=\"application\/ld+json\" class=\"yoast-schema-graph\">{\"@context\":\"https:\\\/\\\/schema.org\",\"@graph\":[{\"@type\":\"Article\",\"@id\":\"https:\\\/\\\/iccal.lat\\\/en\\\/world-congress-of-constitutional-law-2026-iccal-lab-workshops-events\\\/#article\",\"isPartOf\":{\"@id\":\"https:\\\/\\\/iccal.lat\\\/en\\\/world-congress-of-constitutional-law-2026-iccal-lab-workshops-events\\\/\"},\"author\":{\"name\":\"Juri Tino Berger\",\"@id\":\"https:\\\/\\\/iccal.lat\\\/en\\\/#\\\/schema\\\/person\\\/4e0a3793c55302f255461ffdd23e1ae1\"},\"headline\":\"World Congress of Constitutional Law 2026: ICCAL Lab Workshops &amp; Events\",\"datePublished\":\"2026-06-23T13:59:31+00:00\",\"dateModified\":\"2026-07-20T13:03:31+00:00\",\"mainEntityOfPage\":{\"@id\":\"https:\\\/\\\/iccal.lat\\\/en\\\/world-congress-of-constitutional-law-2026-iccal-lab-workshops-events\\\/\"},\"wordCount\":519,\"image\":{\"@id\":\"https:\\\/\\\/iccal.lat\\\/en\\\/world-congress-of-constitutional-law-2026-iccal-lab-workshops-events\\\/#primaryimage\"},\"thumbnailUrl\":\"https:\\\/\\\/iccal.lat\\\/wp-content\\\/uploads\\\/2026\\\/06\\\/cover-logo-03-1-e1782912428988.jpg\",\"articleSection\":[\"ICCAL Lab\"],\"inLanguage\":\"en-US\"},{\"@type\":\"WebPage\",\"@id\":\"https:\\\/\\\/iccal.lat\\\/en\\\/world-congress-of-constitutional-law-2026-iccal-lab-workshops-events\\\/\",\"url\":\"https:\\\/\\\/iccal.lat\\\/en\\\/world-congress-of-constitutional-law-2026-iccal-lab-workshops-events\\\/\",\"name\":\"World Congress of Constitutional Law 2026: ICCAL Lab Workshops &amp; Events | ICCAL\",\"isPartOf\":{\"@id\":\"https:\\\/\\\/iccal.lat\\\/en\\\/#website\"},\"primaryImageOfPage\":{\"@id\":\"https:\\\/\\\/iccal.lat\\\/en\\\/world-congress-of-constitutional-law-2026-iccal-lab-workshops-events\\\/#primaryimage\"},\"image\":{\"@id\":\"https:\\\/\\\/iccal.lat\\\/en\\\/world-congress-of-constitutional-law-2026-iccal-lab-workshops-events\\\/#primaryimage\"},\"thumbnailUrl\":\"https:\\\/\\\/iccal.lat\\\/wp-content\\\/uploads\\\/2026\\\/06\\\/cover-logo-03-1-e1782912428988.jpg\",\"datePublished\":\"2026-06-23T13:59:31+00:00\",\"dateModified\":\"2026-07-20T13:03:31+00:00\",\"author\":{\"@id\":\"https:\\\/\\\/iccal.lat\\\/en\\\/#\\\/schema\\\/person\\\/4e0a3793c55302f255461ffdd23e1ae1\"},\"breadcrumb\":{\"@id\":\"https:\\\/\\\/iccal.lat\\\/en\\\/world-congress-of-constitutional-law-2026-iccal-lab-workshops-events\\\/#breadcrumb\"},\"inLanguage\":\"en-US\",\"potentialAction\":[{\"@type\":\"ReadAction\",\"target\":[\"https:\\\/\\\/iccal.lat\\\/en\\\/world-congress-of-constitutional-law-2026-iccal-lab-workshops-events\\\/\"]}]},{\"@type\":\"ImageObject\",\"inLanguage\":\"en-US\",\"@id\":\"https:\\\/\\\/iccal.lat\\\/en\\\/world-congress-of-constitutional-law-2026-iccal-lab-workshops-events\\\/#primaryimage\",\"url\":\"https:\\\/\\\/iccal.lat\\\/wp-content\\\/uploads\\\/2026\\\/06\\\/cover-logo-03-1-e1782912428988.jpg\",\"contentUrl\":\"https:\\\/\\\/iccal.lat\\\/wp-content\\\/uploads\\\/2026\\\/06\\\/cover-logo-03-1-e1782912428988.jpg\",\"width\":1278,\"height\":760},{\"@type\":\"BreadcrumbList\",\"@id\":\"https:\\\/\\\/iccal.lat\\\/en\\\/world-congress-of-constitutional-law-2026-iccal-lab-workshops-events\\\/#breadcrumb\",\"itemListElement\":[{\"@type\":\"ListItem\",\"position\":1,\"name\":\"Startseite\",\"item\":\"https:\\\/\\\/iccal.lat\\\/en\\\/\"},{\"@type\":\"ListItem\",\"position\":2,\"name\":\"World Congress of Constitutional Law 2026: ICCAL Lab Workshops &amp; Events\"}]},{\"@type\":\"WebSite\",\"@id\":\"https:\\\/\\\/iccal.lat\\\/en\\\/#website\",\"url\":\"https:\\\/\\\/iccal.lat\\\/en\\\/\",\"name\":\"ICCAL\",\"description\":\"Ius Constitutionale Commune en Am\u00e9rica Latina\",\"potentialAction\":[{\"@type\":\"SearchAction\",\"target\":{\"@type\":\"EntryPoint\",\"urlTemplate\":\"https:\\\/\\\/iccal.lat\\\/en\\\/?s={search_term_string}\"},\"query-input\":{\"@type\":\"PropertyValueSpecification\",\"valueRequired\":true,\"valueName\":\"search_term_string\"}}],\"inLanguage\":\"en-US\"},{\"@type\":\"Person\",\"@id\":\"https:\\\/\\\/iccal.lat\\\/en\\\/#\\\/schema\\\/person\\\/4e0a3793c55302f255461ffdd23e1ae1\",\"name\":\"Juri Tino Berger\",\"image\":{\"@type\":\"ImageObject\",\"inLanguage\":\"en-US\",\"@id\":\"https:\\\/\\\/secure.gravatar.com\\\/avatar\\\/d51b3f8c10110c18fb1c121809142b5ebe9dc7b02b752737e33dd9b311f0792b?s=96&d=mm&r=g\",\"url\":\"https:\\\/\\\/secure.gravatar.com\\\/avatar\\\/d51b3f8c10110c18fb1c121809142b5ebe9dc7b02b752737e33dd9b311f0792b?s=96&d=mm&r=g\",\"contentUrl\":\"https:\\\/\\\/secure.gravatar.com\\\/avatar\\\/d51b3f8c10110c18fb1c121809142b5ebe9dc7b02b752737e33dd9b311f0792b?s=96&d=mm&r=g\",\"caption\":\"Juri Tino Berger\"}}]}<\/script>","yoast_head_json":{"title":"World Congress of Constitutional Law 2026: ICCAL Lab Workshops &amp; Events | ICCAL","robots":{"index":"index","follow":"follow","max-snippet":"max-snippet:-1","max-image-preview":"max-image-preview:large","max-video-preview":"max-video-preview:-1"},"canonical":"https:\/\/iccal.lat\/en\/world-congress-of-constitutional-law-2026-iccal-lab-workshops-events\/","og_locale":"en_US","og_type":"article","og_title":"World Congress of Constitutional Law 2026: ICCAL Lab Workshops &amp; Events | ICCAL","og_description":"At the World Congress of Constitutional Law in Bogot\u00e1, taking place from 6 to 10 July 2026, the ICCAL Collaboration Lab on Democratic Resilience will make a significant contribution to one of the most important global gatherings in the field of constitutional law. The Lab will host eleven workshops and take part in a wide [&hellip;]","og_url":"https:\/\/iccal.lat\/en\/world-congress-of-constitutional-law-2026-iccal-lab-workshops-events\/","og_site_name":"ICCAL","article_published_time":"2026-06-23T13:59:31+00:00","article_modified_time":"2026-07-20T13:03:31+00:00","og_image":[{"width":1278,"height":760,"url":"https:\/\/iccal.lat\/wp-content\/uploads\/2026\/06\/cover-logo-03-1-e1782912428988.jpg","type":"image\/jpeg"}],"author":"Juri Tino Berger","twitter_card":"summary_large_image","twitter_misc":{"Written by":"Juri Tino Berger","Est. reading time":"3 minutes"},"schema":{"@context":"https:\/\/schema.org","@graph":[{"@type":"Article","@id":"https:\/\/iccal.lat\/en\/world-congress-of-constitutional-law-2026-iccal-lab-workshops-events\/#article","isPartOf":{"@id":"https:\/\/iccal.lat\/en\/world-congress-of-constitutional-law-2026-iccal-lab-workshops-events\/"},"author":{"name":"Juri Tino Berger","@id":"https:\/\/iccal.lat\/en\/#\/schema\/person\/4e0a3793c55302f255461ffdd23e1ae1"},"headline":"World Congress of Constitutional Law 2026: ICCAL Lab Workshops &amp; Events","datePublished":"2026-06-23T13:59:31+00:00","dateModified":"2026-07-20T13:03:31+00:00","mainEntityOfPage":{"@id":"https:\/\/iccal.lat\/en\/world-congress-of-constitutional-law-2026-iccal-lab-workshops-events\/"},"wordCount":519,"image":{"@id":"https:\/\/iccal.lat\/en\/world-congress-of-constitutional-law-2026-iccal-lab-workshops-events\/#primaryimage"},"thumbnailUrl":"https:\/\/iccal.lat\/wp-content\/uploads\/2026\/06\/cover-logo-03-1-e1782912428988.jpg","articleSection":["ICCAL Lab"],"inLanguage":"en-US"},{"@type":"WebPage","@id":"https:\/\/iccal.lat\/en\/world-congress-of-constitutional-law-2026-iccal-lab-workshops-events\/","url":"https:\/\/iccal.lat\/en\/world-congress-of-constitutional-law-2026-iccal-lab-workshops-events\/","name":"World Congress of Constitutional Law 2026: ICCAL Lab Workshops &amp; Events | ICCAL","isPartOf":{"@id":"https:\/\/iccal.lat\/en\/#website"},"primaryImageOfPage":{"@id":"https:\/\/iccal.lat\/en\/world-congress-of-constitutional-law-2026-iccal-lab-workshops-events\/#primaryimage"},"image":{"@id":"https:\/\/iccal.lat\/en\/world-congress-of-constitutional-law-2026-iccal-lab-workshops-events\/#primaryimage"},"thumbnailUrl":"https:\/\/iccal.lat\/wp-content\/uploads\/2026\/06\/cover-logo-03-1-e1782912428988.jpg","datePublished":"2026-06-23T13:59:31+00:00","dateModified":"2026-07-20T13:03:31+00:00","author":{"@id":"https:\/\/iccal.lat\/en\/#\/schema\/person\/4e0a3793c55302f255461ffdd23e1ae1"},"breadcrumb":{"@id":"https:\/\/iccal.lat\/en\/world-congress-of-constitutional-law-2026-iccal-lab-workshops-events\/#breadcrumb"},"inLanguage":"en-US","potentialAction":[{"@type":"ReadAction","target":["https:\/\/iccal.lat\/en\/world-congress-of-constitutional-law-2026-iccal-lab-workshops-events\/"]}]},{"@type":"ImageObject","inLanguage":"en-US","@id":"https:\/\/iccal.lat\/en\/world-congress-of-constitutional-law-2026-iccal-lab-workshops-events\/#primaryimage","url":"https:\/\/iccal.lat\/wp-content\/uploads\/2026\/06\/cover-logo-03-1-e1782912428988.jpg","contentUrl":"https:\/\/iccal.lat\/wp-content\/uploads\/2026\/06\/cover-logo-03-1-e1782912428988.jpg","width":1278,"height":760},{"@type":"BreadcrumbList","@id":"https:\/\/iccal.lat\/en\/world-congress-of-constitutional-law-2026-iccal-lab-workshops-events\/#breadcrumb","itemListElement":[{"@type":"ListItem","position":1,"name":"Startseite","item":"https:\/\/iccal.lat\/en\/"},{"@type":"ListItem","position":2,"name":"World Congress of Constitutional Law 2026: ICCAL Lab Workshops &amp; Events"}]},{"@type":"WebSite","@id":"https:\/\/iccal.lat\/en\/#website","url":"https:\/\/iccal.lat\/en\/","name":"ICCAL","description":"Ius Constitutionale Commune en Am\u00e9rica Latina","potentialAction":[{"@type":"SearchAction","target":{"@type":"EntryPoint","urlTemplate":"https:\/\/iccal.lat\/en\/?s={search_term_string}"},"query-input":{"@type":"PropertyValueSpecification","valueRequired":true,"valueName":"search_term_string"}}],"inLanguage":"en-US"},{"@type":"Person","@id":"https:\/\/iccal.lat\/en\/#\/schema\/person\/4e0a3793c55302f255461ffdd23e1ae1","name":"Juri Tino Berger","image":{"@type":"ImageObject","inLanguage":"en-US","@id":"https:\/\/secure.gravatar.com\/avatar\/d51b3f8c10110c18fb1c121809142b5ebe9dc7b02b752737e33dd9b311f0792b?s=96&d=mm&r=g","url":"https:\/\/secure.gravatar.com\/avatar\/d51b3f8c10110c18fb1c121809142b5ebe9dc7b02b752737e33dd9b311f0792b?s=96&d=mm&r=g","contentUrl":"https:\/\/secure.gravatar.com\/avatar\/d51b3f8c10110c18fb1c121809142b5ebe9dc7b02b752737e33dd9b311f0792b?s=96&d=mm&r=g","caption":"Juri Tino Berger"}}]}},"_links":{"self":[{"href":"https:\/\/iccal.lat\/en\/wp-json\/wp\/v2\/posts\/6116","targetHints":{"allow":["GET"]}}],"collection":[{"href":"https:\/\/iccal.lat\/en\/wp-json\/wp\/v2\/posts"}],"about":[{"href":"https:\/\/iccal.lat\/en\/wp-json\/wp\/v2\/types\/post"}],"author":[{"embeddable":true,"href":"https:\/\/iccal.lat\/en\/wp-json\/wp\/v2\/users\/9"}],"replies":[{"embeddable":true,"href":"https:\/\/iccal.lat\/en\/wp-json\/wp\/v2\/comments?post=6116"}],"version-history":[{"count":11,"href":"https:\/\/iccal.lat\/en\/wp-json\/wp\/v2\/posts\/6116\/revisions"}],"predecessor-version":[{"id":6296,"href":"https:\/\/iccal.lat\/en\/wp-json\/wp\/v2\/posts\/6116\/revisions\/6296"}],"wp:featuredmedia":[{"embeddable":true,"href":"https:\/\/iccal.lat\/en\/wp-json\/wp\/v2\/media\/6294"}],"wp:attachment":[{"href":"https:\/\/iccal.lat\/en\/wp-json\/wp\/v2\/media?parent=6116"}],"wp:term":[{"taxonomy":"category","embeddable":true,"href":"https:\/\/iccal.lat\/en\/wp-json\/wp\/v2\/categories?post=6116"},{"taxonomy":"post_tag","embeddable":true,"href":"https:\/\/iccal.lat\/en\/wp-json\/wp\/v2\/tags?post=6116"}],"curies":[{"name":"wp","href":"https:\/\/api.w.org\/{rel}","templated":true}]}}